{"id":503,"date":"2022-11-24T14:26:00","date_gmt":"2022-11-24T14:26:00","guid":{"rendered":"http:\/\/dicomevents.vl25185.dinaserver.com\/?p=503"},"modified":"2023-11-07T14:48:13","modified_gmt":"2023-11-07T14:48:13","slug":"las-cupra-city-garage-se-llevan-plata-en-bestnauto-22","status":"publish","type":"post","link":"https:\/\/www.dicomevents.com\/es\/las-cupra-city-garage-se-llevan-plata-en-bestnauto-22\/","title":{"rendered":"Las CUPRA City Garage se llevan Plata en BEST!NAUTO 22\u00b4"},"content":{"rendered":"\n<blockquote class=\"wp-block-quote is-layout-flow wp-block-quote-is-layout-flow\">\n<p>Presentes en la primera edici\u00f3n de los premios dedicados a la automoci\u00f3n a nivel nacional<\/p>\n<\/blockquote>\n\n\n\n<p>Ayer aterrizaron en Madrid la primera edici\u00f3n de los premios&nbsp;<strong>Best!nAuto<\/strong>, los galardones que premian los proyectos especializados en el sector automoci\u00f3n y los organiza IPMARK, la revista especializada en marketing, publicidad y medios.<\/p>\n\n\n\n<p>Nuestro proyecto de las&nbsp;<strong>CUPRA City Garage<\/strong>&nbsp;se llev\u00f3&nbsp;<strong>Plata a Mejor Branding<\/strong>. Un gran reconocimiento a los buque insignia de CUPRA que hemos dise\u00f1ado por todo el mundo. Este proyecto naci\u00f3 con CUPRA por apostar, en su plan de expansi\u00f3n global, en una nueva forma de presentaci\u00f3n de producto, espacios donde vivir al 100% el car\u00e1cter de la marca. Una soluci\u00f3n perfecta para ampliar la cobertura comercial y asegurar una buena presencia de la marca en los centros neur\u00e1lgicos de las ciudades.<\/p>\n\n\n\n<p>M\u00e9xico, Mil\u00e1n, Lisboa, Hamburgo, S\u00eddney y Rotterdam son las ciudades que ya cuentan con una CUPRA City Garage. Este nuevo concepto lo dise\u00f1amos teniendo en cuenta la fusi\u00f3n del Mediterr\u00e1neo de Barcelona, donde naci\u00f3 la marca, y la personalidad de cada ciudad a trav\u00e9s de artistas y materiales locales. Siempre teniendo en cuenta que sea un espacio polivalente donde se refleje la dualidad entre el d\u00eda y la noche a trav\u00e9s de sus cuatro pilares: producto, gastronom\u00eda, m\u00fasica y moda.<\/p>\n\n\n\n<p>El evento reuni\u00f3 a las mejores agencias del sector y a los departamentos de Marketing y Comunicaci\u00f3n de muchas empresas de automoci\u00f3n como SEAT S.A., BMW Group, Stellantis, Porsche Iberia, Renault Geoup Espa\u00f1a, DDB, Ping\u00fcino Torreblanca, entre otros.<\/p>\n\n\n\n<p>\u00a1Parte de nuestro equipo fue a la gala a recibir el premio y a pasar una noche a todo gas!<\/p>\n\n\n\n<p><\/p>\n\n\n\n<figure class=\"wp-block-image size-large\"><img decoding=\"async\" width=\"986\" height=\"555\" src=\"https:\/\/www.dicomevents.com\/wp-content\/uploads\/2023\/11\/best_Mesa-de-trabajo-1-986x555.jpg\" alt=\"\" class=\"wp-image-509\" srcset=\"https:\/\/www.dicomevents.com\/wp-content\/uploads\/2023\/11\/best_Mesa-de-trabajo-1-986x555.jpg 986w, https:\/\/www.dicomevents.com\/wp-content\/uploads\/2023\/11\/best_Mesa-de-trabajo-1-480x270.jpg 480w, https:\/\/www.dicomevents.com\/wp-content\/uploads\/2023\/11\/best_Mesa-de-trabajo-1-768x432.jpg 768w, https:\/\/www.dicomevents.com\/wp-content\/uploads\/2023\/11\/best_Mesa-de-trabajo-1-1536x864.jpg 1536w, https:\/\/www.dicomevents.com\/wp-content\/uploads\/2023\/11\/best_Mesa-de-trabajo-1-380x214.jpg 380w, https:\/\/www.dicomevents.com\/wp-content\/uploads\/2023\/11\/best_Mesa-de-trabajo-1.jpg 1920w\" sizes=\"(max-width: 986px) 100vw, 986px\" \/><\/figure>\n","protected":false},"excerpt":{"rendered":"<p>Presentes en la primera edici\u00f3n de los premios dedicados a la automoci\u00f3n a nivel nacional (2022)<\/p>\n","protected":false},"author":2,"featured_media":507,"comment_status":"open","ping_status":"open","sticky":false,"template":"","format":"standard","meta":{"_acf_changed":false,"footnotes":""},"categories":[28],"tags":[],"class_list":["post-503","post","type-post","status-publish","format-standard","has-post-thumbnail","hentry","category-premios"],"acf":[],"_links":{"self":[{"href":"https:\/\/www.dicomevents.com\/es\/wp-json\/wp\/v2\/posts\/503","targetHints":{"allow":["GET"]}}],"collection":[{"href":"https:\/\/www.dicomevents.com\/es\/wp-json\/wp\/v2\/posts"}],"about":[{"href":"https:\/\/www.dicomevents.com\/es\/wp-json\/wp\/v2\/types\/post"}],"author":[{"embeddable":true,"href":"https:\/\/www.dicomevents.com\/es\/wp-json\/wp\/v2\/users\/2"}],"replies":[{"embeddable":true,"href":"https:\/\/www.dicomevents.com\/es\/wp-json\/wp\/v2\/comments?post=503"}],"version-history":[{"count":2,"href":"https:\/\/www.dicomevents.com\/es\/wp-json\/wp\/v2\/posts\/503\/revisions"}],"predecessor-version":[{"id":521,"href":"https:\/\/www.dicomevents.com\/es\/wp-json\/wp\/v2\/posts\/503\/revisions\/521"}],"wp:featuredmedia":[{"embeddable":true,"href":"https:\/\/www.dicomevents.com\/es\/wp-json\/wp\/v2\/media\/507"}],"wp:attachment":[{"href":"https:\/\/www.dicomevents.com\/es\/wp-json\/wp\/v2\/media?parent=503"}],"wp:term":[{"taxonomy":"category","embeddable":true,"href":"https:\/\/www.dicomevents.com\/es\/wp-json\/wp\/v2\/categories?post=503"},{"taxonomy":"post_tag","embeddable":true,"href":"https:\/\/www.dicomevents.com\/es\/wp-json\/wp\/v2\/tags?post=503"}],"curies":[{"name":"wp","href":"https:\/\/api.w.org\/{rel}","templated":true}]}}